{"id":1105,"date":"2021-01-28T17:26:00","date_gmt":"2021-01-28T16:26:00","guid":{"rendered":"https:\/\/euroconsum.eu\/?p=1105"},"modified":"2023-04-09T08:00:10","modified_gmt":"2023-04-09T06:00:10","slug":"archiv-was-ist-eigentlich-amygdalin-bzw-vitamin-b17","status":"publish","type":"post","link":"https:\/\/euroconsum.eu\/pl\/2021\/01\/28\/archiv-was-ist-eigentlich-amygdalin-bzw-vitamin-b17\/","title":{"rendered":"Czym jest amigdalina lub witamina B17?"},"content":{"rendered":"<figure class=\"wp-block-image size-full\"><img fetchpriority=\"high\" decoding=\"async\" width=\"720\" height=\"540\" src=\"https:\/\/euroconsum.eu\/wp-content\/uploads\/2022\/03\/Bild_2022-03-12_004627.png\" alt=\"\" class=\"wp-image-1668\"\/><figcaption>knipseline \/ pixelio.de<\/figcaption><\/figure>\n\n\n\n<p>Amigdalina to naturalnie wyst\u0119puj\u0105ca substancja, kt\u00f3ra jest prekursorem wysoce toksycznego kwasu pruskiego. Kiedy wchodzi w kontakt z wod\u0105, kwas pruski jest uwalniany w reakcji chemicznej; niekt\u00f3re enzymy dodatkowo wspieraj\u0105 ten proces, gdy zachodzi on w ludzkim ciele.<\/p>\n\n\n\n<p>Dlaczego nie jeste\u015bmy zaskoczeni, gdy amygalina jest mimo to propagowana w pseudomedycynie? Pod czysto fantazyjn\u0105 nazw\u0105 \"witaminy B 17\" jest ona uwa\u017cana za \"wypr\u00f3bowany i przetestowany\" \u015brodek w \"biologicznej terapii raka\" - ale jest nie tylko nieskuteczna, ale tak\u017ce szkodliwa, a nawet \u015bmiertelna.<\/p>\n\n\n\n<!--more-->\n\n\n\n<p>Amigdalina jest substancj\u0105 odpowiedzialn\u0105 za \"gorycz\" gorzkich migda\u0142\u00f3w. Ale jest ona r\u00f3wnie\u017c zawarta w pestkach owoc\u00f3w pestkowych, zw\u0142aszcza pestkach moreli. A te odgrywaj\u0105 decyduj\u0105c\u0105 rol\u0119 w zwi\u0105zku z pseudomedycznym zastosowaniem amigdaliny - \"witaminy B 17\". Sk\u0105d ona pochodzi?<\/p>\n\n\n\n<p>Niejaki dr Krebs (ze wszystkich ludzi) eksperymentowa\u0142 ze wzmacniaczami smaku whisky w USA w latach 20. ubieg\u0142ego wieku. Uwa\u017ca\u0142, \u017ce znalaz\u0142 spos\u00f3b na leczenie raka za pomoc\u0105 pestek moreli. Kompletna bzdura bez \u017cadnego dowodu, ale jak to cz\u0119sto bywa, ta historia przetrwa\u0142a i nadal jest rozpowszechniana (bardziej ni\u017c kiedykolwiek w dobie Internetu). I nie ma to nic wsp\u00f3lnego z chemicznymi i fizjologicznymi w\u0142a\u015bciwo\u015bciami witamin, amigdalina nie jest substancj\u0105, kt\u00f3rej organizm potrzebuje do swoich funkcji \u017cyciowych (co jest rzeczywist\u0105 cech\u0105 \"witamin\") - wr\u0119cz przeciwnie.<\/p>\n\n\n\n<p>Ze wzgl\u0119du na \"zalecenia\" alternatywnych \"terapeut\u00f3w\" medycznych, zatrucia, a czasami zgony pacjent\u00f3w z rakiem zdarzaj\u0105 si\u0119 wielokrotnie, kt\u00f3rzy - co jest ca\u0142kiem zrozumia\u0142e - trzymaj\u0105 si\u0119 ka\u017cdej obietnicy wyleczenia. Nale\u017cy zatem zda\u0107 sobie spraw\u0119, \u017ce mamy tu do czynienia z substancj\u0105, kt\u00f3ra z jednej strony nie ma \u017cadnego dzia\u0142ania, a z drugiej niesie ze sob\u0105 niezwyk\u0142y potencja\u0142 szkodzenia,<\/p>\n\n\n\n<p>W Niemczech Federalny Instytut Lek\u00f3w i Wyrob\u00f3w Medycznych sklasyfikowa\u0142 amigdalin\u0119 (kt\u00f3ra by\u0142a r\u00f3wnie\u017c oferowana jako sk\u0142adnik gotowych preparat\u00f3w lub nawet jako czysty produkt) jako pow\u00f3d do niepokoju. BfArM odradza stosowanie produkt\u00f3w i \u015brodk\u00f3w zawieraj\u0105cych amigdalin\u0119. Federalny Urz\u0105d ds. Oceny Ryzyka wyra\u017anie ostrzega przed spo\u017cywaniem wi\u0119cej ni\u017c jednego lub dw\u00f3ch nasion dziennie.<\/p>\n\n\n\n<p>Ta klasyfikacja oznacza, \u017ce amigdalina nie mo\u017ce by\u0107 licencjonowana jako produkt leczniczy zgodnie z ustaw\u0105 o lekach. Dystrybucja jest nielegalna. I tu w\u0142a\u015bnie w gr\u0119 wchodz\u0105 pestki moreli, kt\u00f3re od pewnego czasu mo\u017cna znale\u017a\u0107 zapakowane na p\u00f3\u0142kach drogerii i sklep\u00f3w z \u017cywno\u015bci\u0105 ekologiczn\u0105, cz\u0119\u015bciowo oznaczone jako \"jako\u015b\u0107 ekologiczna\". Jest to nic innego jak obej\u015bcie zakazu dystrybucji gotowych produkt\u00f3w zawieraj\u0105cych amigdalin\u0119 na szynie substytutu \u017cywno\u015bci, kt\u00f3ry jest oczywi\u015bcie oferowany bez \u017cadnych bezpo\u015brednich zalece\u0144 dotycz\u0105cych stosowania, czasami nawet z \"ostrze\u017ceniami\" (\"tylko dwa do trzech ziaren dziennie\"). U\u017cytkownicy, kt\u00f3rzy otrzymali w\u0142asn\u0105 \"recept\u0119\" od swojego terapeuty medycyny alternatywnej, nie przejmuj\u0105 si\u0119 takimi symbolicznymi stwierdzeniami. Wiemy r\u00f3wnie\u017c o \"zaleceniach\" \"praktyk\u00f3w medycyny alternatywnej\", aby stosowa\u0107 pestki moreli w dawkach wi\u0119kszych ni\u017c w\u0105tpliwe w przypadku chor\u00f3b nowotworowych lub nawet w celu ich zapobiegania (!). Zdarza\u0142y si\u0119 r\u00f3wnie\u017c przypadki, w kt\u00f3rych z powodu niepowodzenia rozs\u0105dnych metod leczenia z powodu \"terapii amigdalin\u0105\", jakakolwiek pomoc ze strony medycyny naukowej przysz\u0142a zbyt p\u00f3\u017ano.<\/p>\n\n\n\n<p>Nasz wniosek: Nie ma powodu, aby je\u015b\u0107 pestki moreli z jakiegokolwiek powodu, tak jak nie ma powodu, aby w og\u00f3le mie\u0107 takie rzeczy w domu - potencjalne ryzyko zatrucia, na przyk\u0142ad, je\u015bli dzieci \u017ale zrozumiej\u0105 pestki jako przek\u0105ski. Je\u015bli us\u0142yszysz o zaleceniu jedzenia pestek moreli, sprzeciw si\u0119 i wska\u017c na ten artyku\u0142. Nawiasem m\u00f3wi\u0105c, ostrzegamy dostawc\u00f3w i dystrybutor\u00f3w towar\u00f3w i produkt\u00f3w zawieraj\u0105cych amigdalin\u0119, je\u015bli przekraczaj\u0105 limity prawne (np. reklamuj\u0105 si\u0119 z zaleceniem stosowania).<\/p>\n\n\n\n<hr class=\"wp-block-separator has-css-opacity\"\/>\n\n\n\n<p>Wi\u0119cej informacji:<\/p>\n\n\n\n<ul class=\"wp-block-list\"><li><a href=\"https:\/\/www.krebsinformationsdienst.de\/aktuelles\/2014\/news95.php\">Serwis informacyjny dotycz\u0105cy raka<\/a>&nbsp;\u00a9 2018 Cancer Information Service, Niemieckie Centrum Bada\u0144 nad Rakiem 0800-420 30 40 lub&nbsp;<a href=\"mailto:krebsinformationsdienst@dkfz.de\">krebsinformationsdienst@dkfz.de<\/a><\/li><li><a href=\"https:\/\/www.medizin-transparent.at\/marillenkerne-krebs\" target=\"_blank\" rel=\"noreferrer noopener\">Medicine Transparent<\/a><\/li><\/ul>\n\n\n\n<hr class=\"wp-block-separator has-css-opacity\"\/>\n\n\n\n<h5 class=\"has-text-align-center wp-block-heading\">Niemieckie Stowarzyszenie Konsument\u00f3w<\/h5>\n\n\n\n<h6 class=\"has-text-align-center wp-block-heading\">Po stronie dowod\u00f3w, po stronie konsument\u00f3w: Niemieckie Stowarzyszenie Konsument\u00f3w jest uznanym stowarzyszeniem non-profit zajmuj\u0105cym si\u0119 ochron\u0105 konsument\u00f3w.<\/h6>","protected":false},"excerpt":{"rendered":"<p>Amigdalina to naturalnie wyst\u0119puj\u0105ca substancja, kt\u00f3ra jest prekursorem wysoce toksycznego kwasu cyjanowodorowego. W kontakcie z wod\u0105 kwas cyjanowodorowy jest uwalniany w reakcji chemicznej, a pewne enzymy wspieraj\u0105 ten proces, gdy zachodzi on w ludzkim ciele. Dlaczego nie jeste\u015bmy zaskoczeni, gdy amygalina jest mimo to propagowana w pseudomedycynie? Jest ona uwa\u017cana za czyst\u0105 [...]<\/p>","protected":false},"author":1,"featured_media":1668,"comment_status":"closed","ping_status":"closed","sticky":false,"template":"","format":"standard","meta":{"footnotes":""},"categories":[54,12],"tags":[43],"class_list":["post-1105","post","type-post","status-publish","format-standard","has-post-thumbnail","hentry","category-gift-und-schadstoffe","category-heil-und-arzneimittel-therapien","tag-pseudomedizin"],"_links":{"self":[{"href":"https:\/\/euroconsum.eu\/pl\/wp-json\/wp\/v2\/posts\/1105","targetHints":{"allow":["GET"]}}],"collection":[{"href":"https:\/\/euroconsum.eu\/pl\/wp-json\/wp\/v2\/posts"}],"about":[{"href":"https:\/\/euroconsum.eu\/pl\/wp-json\/wp\/v2\/types\/post"}],"author":[{"embeddable":true,"href":"https:\/\/euroconsum.eu\/pl\/wp-json\/wp\/v2\/users\/1"}],"replies":[{"embeddable":true,"href":"https:\/\/euroconsum.eu\/pl\/wp-json\/wp\/v2\/comments?post=1105"}],"version-history":[{"count":6,"href":"https:\/\/euroconsum.eu\/pl\/wp-json\/wp\/v2\/posts\/1105\/revisions"}],"predecessor-version":[{"id":3470,"href":"https:\/\/euroconsum.eu\/pl\/wp-json\/wp\/v2\/posts\/1105\/revisions\/3470"}],"wp:featuredmedia":[{"embeddable":true,"href":"https:\/\/euroconsum.eu\/pl\/wp-json\/wp\/v2\/media\/1668"}],"wp:attachment":[{"href":"https:\/\/euroconsum.eu\/pl\/wp-json\/wp\/v2\/media?parent=1105"}],"wp:term":[{"taxonomy":"category","embeddable":true,"href":"https:\/\/euroconsum.eu\/pl\/wp-json\/wp\/v2\/categories?post=1105"},{"taxonomy":"post_tag","embeddable":true,"href":"https:\/\/euroconsum.eu\/pl\/wp-json\/wp\/v2\/tags?post=1105"}],"curies":[{"name":"wp","href":"https:\/\/api.w.org\/{rel}","templated":true}]}}