{"id":1059,"date":"2021-08-31T16:27:00","date_gmt":"2021-08-31T14:27:00","guid":{"rendered":"https:\/\/euroconsum.eu\/?p=1059"},"modified":"2023-04-09T08:02:10","modified_gmt":"2023-04-09T06:02:10","slug":"konsumentenbund-siegt-vor-dem-olg-duesseldorf-gegen-real-wegen-mangelhafter-preisauszeichnung","status":"publish","type":"post","link":"https:\/\/euroconsum.eu\/pl\/2021\/08\/31\/konsumentenbund-siegt-vor-dem-olg-duesseldorf-gegen-real-wegen-mangelhafter-preisauszeichnung\/","title":{"rendered":"Stowarzyszenie konsument\u00f3w wygrywa z Realem w Wy\u017cszym S\u0105dzie Krajowym w D\u00fcsseldorfie z powodu wadliwego oznakowania cenowego"},"content":{"rendered":"<p>Wy\u017cszy S\u0105d Krajowy w D\u00fcsseldorfie podtrzymuje nasze stowarzyszenie <\/p>\n\n\n\n<figure class=\"wp-block-image size-full\"><img fetchpriority=\"high\" decoding=\"async\" width=\"720\" height=\"540\" src=\"https:\/\/euroconsum.eu\/wp-content\/uploads\/2022\/03\/Bild_2022-03-11_184123.png\" alt=\"\" class=\"wp-image-1577\"\/><figcaption>Zdj\u0119cie zrobione podczas wizyty kontrolnej (podkre\u015blone przez Deutscher Konsumentenbund)<\/figcaption><\/figure>\n\n\n\n<!--more-->\n\n\n\n<h3 class=\"wp-block-heading\" id=\"verfahrensgegenstand\">Przedmiot post\u0119powania<\/h3>\n\n\n\n<p>Przedmiotem dzia\u0142a\u0144 stowarzyszenia by\u0142y&nbsp;<strong>Naruszenie wsp\u00f3lnotowych przepis\u00f3w dotycz\u0105cych oznaczania cen<\/strong>. Przy okazji inspekcji w centrum Realmarkt S\u00fcdring w Paderborn jesieni\u0105 2018 r. nasze stowarzyszenie zg\u0142osi\u0142o operatorowi supermarketu ca\u0142kowit\u0105 utrat\u0119 klient\u00f3w.&nbsp;<strong>31 Nagrody<\/strong>&nbsp;o zabezpieczenie roszcze\u0144. Podczas rozprawy w dniu 31 sierpnia 2021 r. Wy\u017cszy S\u0105d Krajowy w D\u00fcsseldorfie mia\u0142 w du\u017cej mierze racj\u0119 i stwierdzi\u0142, \u017ce potwierdzi znaczn\u0105 cz\u0119\u015b\u0107 decyzji s\u0105du okr\u0119gowego, przed kt\u00f3r\u0105 Real prawdopodobnie broni\u0142 si\u0119 na pr\u00f3\u017cno.<\/p>\n\n\n\n<p>Cz\u0119\u015bciowo uwzgl\u0119dni\u0142 r\u00f3wnie\u017c nasze odwo\u0142anie wzajemne. Nasze stowarzyszenie argumentowa\u0142o, \u017ce cena podstawowa powinna by\u0107 wskazana dla papryki ostrej zgodnie z oczekiwaniami rynku.<\/p>\n\n\n\n<p>Nasze odwo\u0142anie wzajemne okaza\u0142o si\u0119 nieskuteczne w innym aspekcie, kt\u00f3ry dotyczy\u0142 interpretacji wyj\u0105tku dla towar\u00f3w \u0142atwo psuj\u0105cych si\u0119. W tym przypadku Wy\u017cszy S\u0105d Okr\u0119gowy wskaza\u0142, \u017ce w przypadku niewielkiej liczby pojedynczych produkt\u00f3w prawdopodobnie przyj\u0105\u0142by, \u017ce podstawowe oznaczenie ceny nie jest ju\u017c konieczne ze wzgl\u0119du na mo\u017cliwo\u015b\u0107 szybkiego zepsucia.<\/p>\n\n\n\n<p>Real musi ponie\u015b\u0107 koszty prawne w obu przypadkach.<\/p>\n\n\n\n<h3 class=\"wp-block-heading\" id=\"anlass-der-verbandsklage\">Przyczyna dzia\u0142ania stowarzyszenia<\/h3>\n\n\n\n<p>W\u0142asny&nbsp;<strong>Kontrola<\/strong><\/p>\n\n\n\n<h3 class=\"wp-block-heading\" id=\"umst\u00e4nde-und-betroffene-verbrauchendenkreise\">Okoliczno\u015bci i zainteresowane grupy konsument\u00f3w<\/h3>\n\n\n\n<p>Praktyka handlowa dotkn\u0119\u0142a konsument\u00f3w, kt\u00f3rzy otrzymali sporne oznaczenie w dniu 2 pa\u017adziernika 2018 r. lub wcze\u015bniej.<\/p>\n\n\n\n<h3 class=\"wp-block-heading\" id=\"gerichtsentscheidung\">Decyzja s\u0105du<\/h3>\n\n\n\n<p>\u015aled\u017a.<\/p>\n\n\n\n<hr class=\"wp-block-separator has-css-opacity\"\/>\n\n\n\n<p><em>Po&nbsp;<a href=\"https:\/\/eur-lex.europa.eu\/legal-content\/DE\/TXT\/HTML\/?uri=CELEX:32020L1828&amp;rid=1#d1e1238-1-1\">Art. 13 dyrektywy (UE) 2020\/1828 (dyrektywa w sprawie dzia\u0142a\u0144 przedstawicielskich UE)<\/a>&nbsp;Kwalifikowane podmioty s\u0105 zobowi\u0105zane do zamieszczania na stronie internetowej stowarzyszenia informacji o planowanych i prowadzonych dzia\u0142aniach stowarzyszenia oraz o wynikach prowadzonych dzia\u0142a\u0144 stowarzyszenia. Niniejszy wpis s\u0142u\u017cy spe\u0142nieniu tego wymogu. Podane informacje odzwierciedlaj\u0105 nasz pogl\u0105d prawny na pocz\u0105tku post\u0119powania s\u0105dowego i niekoniecznie s\u0105 identyczne z pogl\u0105dami prawnymi s\u0105d\u00f3w orzekaj\u0105cych.<\/em><a href=\"https:\/\/euroconsum.eu\/pl\/author\/deutscher-konsumentenbund\/\"><\/a><\/p>\n\n\n\n<hr class=\"wp-block-separator has-css-opacity\"\/>\n\n\n\n<h5 class=\"has-text-align-center wp-block-heading\">Niemieckie Stowarzyszenie Konsument\u00f3w<\/h5>\n\n\n\n<h6 class=\"has-text-align-center wp-block-heading\">Po stronie dowod\u00f3w, po stronie konsument\u00f3w: Niemieckie Stowarzyszenie Konsument\u00f3w jest uznanym stowarzyszeniem non-profit zajmuj\u0105cym si\u0119 ochron\u0105 konsument\u00f3w.<\/h6>","protected":false},"excerpt":{"rendered":"<p>Wy\u017cszy S\u0105d Krajowy w D\u00fcsseldorfie podtrzymuje nasze stowarzyszenie<\/p>","protected":false},"author":1,"featured_media":2346,"comment_status":"open","ping_status":"open","sticky":false,"template":"","format":"standard","meta":{"footnotes":""},"categories":[10,2],"tags":[44],"class_list":["post-1059","post","type-post","status-publish","format-standard","has-post-thumbnail","hentry","category-preistransparenz","category-unterlassungsklage","tag-marktverhalten"],"_links":{"self":[{"href":"https:\/\/euroconsum.eu\/pl\/wp-json\/wp\/v2\/posts\/1059","targetHints":{"allow":["GET"]}}],"collection":[{"href":"https:\/\/euroconsum.eu\/pl\/wp-json\/wp\/v2\/posts"}],"about":[{"href":"https:\/\/euroconsum.eu\/pl\/wp-json\/wp\/v2\/types\/post"}],"author":[{"embeddable":true,"href":"https:\/\/euroconsum.eu\/pl\/wp-json\/wp\/v2\/users\/1"}],"replies":[{"embeddable":true,"href":"https:\/\/euroconsum.eu\/pl\/wp-json\/wp\/v2\/comments?post=1059"}],"version-history":[{"count":6,"href":"https:\/\/euroconsum.eu\/pl\/wp-json\/wp\/v2\/posts\/1059\/revisions"}],"predecessor-version":[{"id":3508,"href":"https:\/\/euroconsum.eu\/pl\/wp-json\/wp\/v2\/posts\/1059\/revisions\/3508"}],"wp:featuredmedia":[{"embeddable":true,"href":"https:\/\/euroconsum.eu\/pl\/wp-json\/wp\/v2\/media\/2346"}],"wp:attachment":[{"href":"https:\/\/euroconsum.eu\/pl\/wp-json\/wp\/v2\/media?parent=1059"}],"wp:term":[{"taxonomy":"category","embeddable":true,"href":"https:\/\/euroconsum.eu\/pl\/wp-json\/wp\/v2\/categories?post=1059"},{"taxonomy":"post_tag","embeddable":true,"href":"https:\/\/euroconsum.eu\/pl\/wp-json\/wp\/v2\/tags?post=1059"}],"curies":[{"name":"wp","href":"https:\/\/api.w.org\/{rel}","templated":true}]}}