{"id":1057,"date":"2021-11-23T16:28:00","date_gmt":"2021-11-23T15:28:00","guid":{"rendered":"https:\/\/euroconsum.eu\/?p=1057"},"modified":"2023-04-09T08:05:07","modified_gmt":"2023-04-09T06:05:07","slug":"konsumentenbund-siegt-in-einem-weiteren-verfahren-wegen-irrefuehrung-und-preisauszeichnungsverstoessen-in-lidl-filale-vor-dem-olg","status":"publish","type":"post","link":"https:\/\/euroconsum.eu\/pl\/2021\/11\/23\/konsumentenbund-siegt-in-einem-weiteren-verfahren-wegen-irrefuehrung-und-preisauszeichnungsverstoessen-in-lidl-filale-vor-dem-olg\/","title":{"rendered":"Stowarzyszenie Konsument\u00f3w wygrywa kolejne post\u0119powanie przed Wy\u017cszym S\u0105dem Okr\u0119gowym w zwi\u0105zku z wprowadzaj\u0105cymi w b\u0142\u0105d o\u015bwiadczeniami i naruszeniami oznacze\u0144 cenowych w sklepach LIDL."},"content":{"rendered":"<figure class=\"wp-block-image size-full\"><img fetchpriority=\"high\" decoding=\"async\" width=\"720\" height=\"540\" src=\"https:\/\/euroconsum.eu\/wp-content\/uploads\/2022\/03\/Bild_2022-03-11_183707.png\" alt=\"\" class=\"wp-image-1572\"\/><figcaption>Zdj\u0119cie: Niemieckie Stowarzyszenie Konsument\u00f3w<\/figcaption><\/figure>\n\n\n\n<!--more-->\n\n\n\n<p><em>Po&nbsp;<a href=\"https:\/\/eur-lex.europa.eu\/legal-content\/DE\/TXT\/HTML\/?uri=CELEX:32020L1828&amp;rid=1#d1e1238-1-1\">Art. 13 dyrektywy (UE) 2020\/1828 (dyrektywa w sprawie dzia\u0142a\u0144 przedstawicielskich UE)<\/a>&nbsp;Kwalifikowane podmioty s\u0105 zobowi\u0105zane do zamieszczania na stronie internetowej stowarzyszenia informacji o planowanych i prowadzonych dzia\u0142aniach stowarzyszenia oraz o wynikach prowadzonych dzia\u0142a\u0144 stowarzyszenia. Niniejszy wpis s\u0142u\u017cy spe\u0142nieniu tego wymogu. Podane informacje odzwierciedlaj\u0105 nasz pogl\u0105d prawny na pocz\u0105tku post\u0119powania s\u0105dowego i niekoniecznie s\u0105 identyczne z pogl\u0105dami prawnymi s\u0105d\u00f3w orzekaj\u0105cych.<\/em><\/p>\n\n\n\n<h3 class=\"wp-block-heading\" id=\"verfahrensgegenstand\">Przedmiot post\u0119powania<\/h3>\n\n\n\n<p>Przedmiot dzia\u0142ania stowarzyszenia:&nbsp;<strong>Naruszenie rozporz\u0105dzenia w sprawie oznaczania cen<\/strong>w szczeg\u00f3lno\u015bci:<\/p>\n\n\n\n<ul class=\"wp-block-list\"><li>Brak informacji o cenie (cena podstawowa)<\/li><li>Oferta cenowa towar\u00f3w przecenionych<\/li><li>Nie nadu\u017cywaj praw, podaj\u0105c nazw\u0119 LIDL na stronie internetowej.<\/li><li>Sformu\u0142owanie zarzut\u00f3w<\/li><li>U\u017cycie sformu\u0142owania dyrektywy UE (zamiast krajowego VO) nieszkodliwe<\/li><li>w sprawie zmienionego rozporz\u0105dzenia w sprawie opakowa\u0144 jednostkowych (\"wyroby cukiernicze\")<\/li><li>Ryzyko powt\u00f3rzenia nie jest zwi\u0105zane z oddzia\u0142em<\/li><li>Stowarzyszenie ochrony konsument\u00f3w nie ma obowi\u0105zku kontaktowania si\u0119 z pracownikami rynku w przypadku narusze\u0144.<\/li><li><strong>Wprowadzanie w b\u0142\u0105d<\/strong>&nbsp;podkre\u015blaj\u0105c tak zwan\u0105 \"obj\u0119to\u015b\u0107 kraw\u0119dzi\" opakowania<\/li><\/ul>\n\n\n\n<p><em><strong>Uwaga:<\/strong><\/em>&nbsp;<em>Zgodnie z naszymi ostrze\u017ceniami, LIDL zmieni\u0142 ceny towar\u00f3w przecenionych w ca\u0142ym kraju: \"naklejki 30%-Billiger\" zawieraj\u0105 teraz pole ceny podstawowej po przecenie.<\/em><\/p>\n\n\n\n<h3 class=\"wp-block-heading\" id=\"anlass-der-verbandsklage\">Przyczyna dzia\u0142ania stowarzyszenia<\/h3>\n\n\n\n<p><strong>Kontrola<\/strong>po skardze konsumenta<\/p>\n\n\n\n<h3 class=\"wp-block-heading\" id=\"umst\u00e4nde-und-betroffene-verbrauchendenkreise\">Okoliczno\u015bci i zainteresowane grupy konsument\u00f3w<\/h3>\n\n\n\n<p>Praktyka biznesowa dotkn\u0119\u0142a konsument\u00f3w, kt\u00f3rzy byli<\/p>\n\n\n\n<p>w ga\u0142\u0119ziach<\/p>\n\n\n\n<ul class=\"wp-block-list\"><li><strong>Am Bahnhof 5, 59199 B\u00f6nen<\/strong>&nbsp;i<\/li><li><strong>M\u00fcnsterstr. 51, 44145 Dortmund<\/strong><br>regionalnej sp\u00f3\u0142ki LIDL<\/li><\/ul>\n\n\n\n<p>dokona\u0142y zakupu w dniu 30 stycznia 2019 r. lub oko\u0142o tej daty.<\/p>\n\n\n\n<h3 class=\"wp-block-heading\" id=\"beanstandungen-auswahl\">Skargi (wyb\u00f3r)<\/h3>\n\n\n\n<p><img decoding=\"async\" src=\"https:\/\/euroconsum.eu\/de\/post\/lidl_herne\/image2.jpeg\" alt=\"\">(powy\u017cej) nadal kwalifikuje si\u0119 do ceny podstawowej po reformie rozporz\u0105dzenia w sprawie opakowa\u0144 jednostkowych: ta symboliczna czekolada.<\/p>\n\n\n\n<p><img decoding=\"async\" src=\"https:\/\/euroconsum.eu\/de\/post\/lidl_herne\/image3.jpeg\" alt=\"\">(powy\u017cej) Informacje musz\u0105 by\u0107 zawsze czytelne.<\/p>\n\n\n\n<p><img decoding=\"async\" src=\"https:\/\/euroconsum.eu\/de\/post\/lidl_herne\/image4.jpeg\" alt=\"\">(powy\u017cej) OLG nazywa to \"niew\u0105tpliwie wprowadzaj\u0105cym w b\u0142\u0105d\": \"720 ml\" nie jest wskazaniem zawarto\u015bci, ale pojemnika zawieraj\u0105cego powietrze w opakowaniu. Ponadto cena podstawowa jest obliczana ca\u0142kowicie nieprawid\u0142owo.<\/p>\n\n\n\n<h3 class=\"wp-block-heading\" id=\"stand-des-verfahrens\">Status procedury<\/h3>\n\n\n\n<p>Procedura jest nast\u0119puj\u0105ca&nbsp;<strong>prawnie wi\u0105\u017c\u0105cy<\/strong>.<\/p>\n\n\n\n<p>Nie mo\u017cemy kontrolowa\u0107 wszystkiego, wsz\u0119dzie i przez ca\u0142y czas. Z tego powodu jeste\u015bmy wdzi\u0119czni za Twoj\u0105 pomoc:&nbsp;<strong>Czy ta firma LIDL narusza ten wyrok?<\/strong>&nbsp;Nast\u0119pnie skontaktuj si\u0119 z nami przez&nbsp;<a href=\"mailto:prozessabteilung@konsumentenbund.de\">prozessabteilung@konsumentenbund.de<\/a>aby\u015bmy mogli na\u0142o\u017cy\u0107 grzywn\u0119 na t\u0119 regionaln\u0105 firm\u0119. Grzywna ta trafia do publicznej kasy.<\/p>\n\n\n\n<h3 class=\"wp-block-heading\" id=\"urteile\">Wyroki<\/h3>\n\n\n\n<ul class=\"wp-block-list\"><li>Wyrok S\u0105du Okr\u0119gowego w Dortmundzie z dnia 27.08.2021 r., 25 O 307\/19<\/li><li>Wyrok&nbsp;<a href=\"https:\/\/euroconsum.eu\/pl\/post\/lidl_herne\/Urteil_LIDL_Herne_OLG_Hamm.pdf\/\">Wy\u017cszy S\u0105d Krajowy w Hamm z dnia 18 listopada 2021 r., I-4 U 42\/20<\/a><\/li><\/ul>\n\n\n\n<p><a href=\"https:\/\/euroconsum.eu\/pl\/tag\/preisangabe\/\">Oferta cenowa<\/a><a href=\"https:\/\/euroconsum.eu\/pl\/author\/deutscher-konsumentenbund\/\"><\/a><\/p>\n\n\n\n<h5 class=\"wp-block-heading\"><a href=\"https:\/\/euroconsum.eu\/pl\/author\/deutscher-konsumentenbund\/\">Niemieckie Stowarzyszenie Konsument\u00f3w<\/a><\/h5>\n\n\n\n<h6 class=\"wp-block-heading\">Po stronie dowod\u00f3w, po stronie konsument\u00f3w: Niemieckie Stowarzyszenie Konsument\u00f3w jest uznanym stowarzyszeniem non-profit zajmuj\u0105cym si\u0119 ochron\u0105 konsument\u00f3w.<\/h6>\n\n\n\n<h3 class=\"wp-block-heading\">Podobne<\/h3>\n\n\n\n<ul class=\"wp-block-list\"><li><a href=\"https:\/\/euroconsum.eu\/pl\/post\/lidl_boenen\/\">Stowarzyszenie Konsument\u00f3w wygrywa w OLG przeciwko naruszeniom etykiet cenowych w sklepach LIDL<\/a><\/li><li><a href=\"https:\/\/euroconsum.eu\/pl\/post\/lidl_paderborn\/\">Stowarzyszenie Konsument\u00f3w wygrywa przed OLG z powodu narusze\u0144 oznacze\u0144 cenowych w sklepie LIDL<\/a><\/li><li><a href=\"https:\/\/euroconsum.eu\/pl\/post-2\/lidl_woellstein_ruesselsheim\/\">Sp\u00f3\u0142ka regionalna Lidl (W\u00f6llstein)<\/a><\/li><li><a href=\"https:\/\/euroconsum.eu\/pl\/post\/lidl_woellstein_ruesselsheim\/\">Sp\u00f3\u0142ka regionalna Lidl (W\u00f6llstein)<\/a><\/li><li><a href=\"https:\/\/euroconsum.eu\/pl\/post\/vinatis_sarl-kopie\/\">Stowarzyszenie konsument\u00f3w wygrywa z Realem w Wy\u017cszym S\u0105dzie Krajowym w D\u00fcsseldorfie z powodu wadliwego oznakowania cenowego<\/a><\/li><\/ul>","protected":false},"excerpt":{"rendered":"","protected":false},"author":1,"featured_media":1572,"comment_status":"open","ping_status":"open","sticky":false,"template":"","format":"standard","meta":{"footnotes":""},"categories":[5,10],"tags":[44],"class_list":["post-1057","post","type-post","status-publish","format-standard","has-post-thumbnail","hentry","category-abhilfeklage","category-preistransparenz","tag-marktverhalten"],"_links":{"self":[{"href":"https:\/\/euroconsum.eu\/pl\/wp-json\/wp\/v2\/posts\/1057","targetHints":{"allow":["GET"]}}],"collection":[{"href":"https:\/\/euroconsum.eu\/pl\/wp-json\/wp\/v2\/posts"}],"about":[{"href":"https:\/\/euroconsum.eu\/pl\/wp-json\/wp\/v2\/types\/post"}],"author":[{"embeddable":true,"href":"https:\/\/euroconsum.eu\/pl\/wp-json\/wp\/v2\/users\/1"}],"replies":[{"embeddable":true,"href":"https:\/\/euroconsum.eu\/pl\/wp-json\/wp\/v2\/comments?post=1057"}],"version-history":[{"count":10,"href":"https:\/\/euroconsum.eu\/pl\/wp-json\/wp\/v2\/posts\/1057\/revisions"}],"predecessor-version":[{"id":3596,"href":"https:\/\/euroconsum.eu\/pl\/wp-json\/wp\/v2\/posts\/1057\/revisions\/3596"}],"wp:featuredmedia":[{"embeddable":true,"href":"https:\/\/euroconsum.eu\/pl\/wp-json\/wp\/v2\/media\/1572"}],"wp:attachment":[{"href":"https:\/\/euroconsum.eu\/pl\/wp-json\/wp\/v2\/media?parent=1057"}],"wp:term":[{"taxonomy":"category","embeddable":true,"href":"https:\/\/euroconsum.eu\/pl\/wp-json\/wp\/v2\/categories?post=1057"},{"taxonomy":"post_tag","embeddable":true,"href":"https:\/\/euroconsum.eu\/pl\/wp-json\/wp\/v2\/tags?post=1057"}],"curies":[{"name":"wp","href":"https:\/\/api.w.org\/{rel}","templated":true}]}}