{"id":1069,"date":"2022-03-10T16:23:08","date_gmt":"2022-03-10T15:23:08","guid":{"rendered":"https:\/\/euroconsum.eu\/?p=1069"},"modified":"2023-04-09T08:04:04","modified_gmt":"2023-04-09T06:04:04","slug":"alkohol-am-besten-gleich-zum-fruehstueck-lg-muenchen-i-untersagt-weissweinwerbung","status":"publish","type":"post","link":"https:\/\/euroconsum.eu\/fr\/2022\/03\/10\/alkohol-am-besten-gleich-zum-fruehstueck-lg-muenchen-i-untersagt-weissweinwerbung\/","title":{"rendered":"L'alcool, c'est mieux au petit-d\u00e9jeuner ! - Le tribunal de Munich I interdit la publicit\u00e9 pour le vin blanc."},"content":{"rendered":"<figure class=\"wp-block-image size-full\"><img fetchpriority=\"high\" decoding=\"async\" width=\"720\" height=\"324\" src=\"https:\/\/euroconsum.eu\/wp-content\/uploads\/2022\/03\/Bild_2022-03-11_184742.png\" alt=\"\" class=\"wp-image-1580\"\/><figcaption>Photo : Capture d'\u00e9cran (mise en \u00e9vidence par l'association allemande des consommateurs)<\/figcaption><\/figure>\n\n\n\n<!--more-->\n\n\n\n<p><em>Apr\u00e8s&nbsp;<a href=\"https:\/\/eur-lex.europa.eu\/legal-content\/DE\/TXT\/HTML\/?uri=CELEX:32020L1828&amp;rid=1#d1e1238-1-1\">Article 13 de la directive (UE) 2020\/1828 (directive europ\u00e9enne relative aux actions de groupe)<\/a>&nbsp;Les organismes qualifi\u00e9s doivent informer sur le site web de l'association des actions collectives pr\u00e9vues, en cours et du r\u00e9sultat des actions collectives men\u00e9es. Ce post r\u00e9pond \u00e0 cette exigence. Les informations refl\u00e8tent notre point de vue juridique au d\u00e9but de la proc\u00e9dure judiciaire et ne sont pas n\u00e9cessairement identiques aux points de vue juridiques des tribunaux d\u00e9cisionnaires.<\/em><\/p>\n\n\n\n<h3 class=\"wp-block-heading\" id=\"verfahrensgegenstand\">Objet de la proc\u00e9dure<\/h3>\n\n\n\n<p>Objet de l'action collective :&nbsp;<strong>Violation des indications de la l\u00e9gislation communautaire sur la publicit\u00e9 relative \u00e0 la sant\u00e9<\/strong>.<\/p>\n\n\n\n<p>Sur le site der-weinmakler.de, la d\u00e9bitrice de l'obligation d'abstention exploite un commerce en ligne de spiritueux. Elle y fait notamment la publicit\u00e9 suivante pour la vari\u00e9t\u00e9 \"Gutedel\" :<\/p>\n\n\n\n<blockquote class=\"wp-block-quote is-layout-flow wp-block-quote-is-layout-flow\"><p>La plupart des chasselas sont vinifi\u00e9s en vins de bouche l\u00e9gers et gouleyants. Les vins sont consid\u00e9r\u00e9s comme tr\u00e8s digestes. Les vins Gutedel sont appr\u00e9ci\u00e9s d\u00e8s le petit d\u00e9jeuner ou m\u00eame au go\u00fbter.<img decoding=\"async\" src=\"https:\/\/euroconsum.eu\/de\/post\/der-weinmakler.de\/featured.png\" alt=\"Screenshot - Hervorhebung durch Deutscher Konsumentenbund\"><\/p><\/blockquote>\n\n\n\n<p>On a \u00e9galement critiqu\u00e9 les informations<\/p>\n\n\n\n<blockquote class=\"wp-block-quote is-layout-flow wp-block-quote-is-layout-flow\"><p>\"Ce sont des vins digestes, (...)\"<\/p><\/blockquote>\n\n\n\n<p>et<\/p>\n\n\n\n<blockquote class=\"wp-block-quote is-layout-flow wp-block-quote-is-layout-flow\"><p>\"Le taux d'alcool pas trop \u00e9lev\u00e9 (...) et la faible acidit\u00e9 la rendent gouleyante et digeste\". L'entreprise avait pr\u00e9f\u00e9r\u00e9 ne pas \u00e9liminer le risque de r\u00e9cidive en remettant une d\u00e9claration d'obligation d'abstention assortie d'une peine.<\/p><\/blockquote>\n\n\n\n<p>Le tribunal de grande instance de Munich I (chambre UKlaG) a interdit, \u00e0 notre demande, toutes les informations contest\u00e9es.<\/p>\n\n\n\n<h3 class=\"wp-block-heading\" id=\"anlass-der-verbandsklage\">Motif de l'action collective<\/h3>\n\n\n\n<p><strong>Contr\u00f4le des concurrents<\/strong><\/p>\n\n\n\n<h3 class=\"wp-block-heading\" id=\"umst\u00e4nde-und-betroffene-verbrauchendenkreise\">Circonstances et groupes de consommateurs concern\u00e9s<\/h3>\n\n\n\n<p>La pratique commerciale a touch\u00e9 les consommateurs auxquels la publicit\u00e9 litigieuse a \u00e9t\u00e9 pr\u00e9sent\u00e9e le ou avant le 08\/04\/2021.<\/p>\n\n\n\n<h3 class=\"wp-block-heading\" id=\"gerichtsentscheidung\">D\u00e9cision du tribunal<\/h3>\n\n\n\n<ul class=\"wp-block-list\"><li><a href=\"https:\/\/euroconsum.eu\/fr\/post\/der-weinmakler.de\/der_weinmakler_de_LG_Muenchen_I.pdf\/\">D\u00e9cision du tribunal de grande instance de Munich I (chambre UKlaG), Az. 12 O 5643\/21<\/a><\/li><\/ul>\n\n\n\n<hr class=\"wp-block-separator has-css-opacity\"\/>\n\n\n\n<h5 class=\"has-text-align-center wp-block-heading\">Association allemande des consommateurs<\/h5>\n\n\n\n<h6 class=\"has-text-align-center wp-block-heading\">Du c\u00f4t\u00e9 de l'\u00e9vidence, du c\u00f4t\u00e9 des consommateurs : la Deutsche Konsumentenbund e.V. est une association de protection des consommateurs reconnue d'utilit\u00e9 publique.<\/h6>","protected":false},"excerpt":{"rendered":"","protected":false},"author":1,"featured_media":1580,"comment_status":"closed","ping_status":"open","sticky":false,"template":"","format":"standard","meta":{"footnotes":""},"categories":[11,2],"tags":[49,44,46],"class_list":["post-1069","post","type-post","status-publish","format-standard","has-post-thumbnail","hentry","category-health-claims-bei-lebensmitteln","category-unterlassungsklage","tag-lebensmittel","tag-marktverhalten","tag-produktinformationen"],"_links":{"self":[{"href":"https:\/\/euroconsum.eu\/fr\/wp-json\/wp\/v2\/posts\/1069","targetHints":{"allow":["GET"]}}],"collection":[{"href":"https:\/\/euroconsum.eu\/fr\/wp-json\/wp\/v2\/posts"}],"about":[{"href":"https:\/\/euroconsum.eu\/fr\/wp-json\/wp\/v2\/types\/post"}],"author":[{"embeddable":true,"href":"https:\/\/euroconsum.eu\/fr\/wp-json\/wp\/v2\/users\/1"}],"replies":[{"embeddable":true,"href":"https:\/\/euroconsum.eu\/fr\/wp-json\/wp\/v2\/comments?post=1069"}],"version-history":[{"count":7,"href":"https:\/\/euroconsum.eu\/fr\/wp-json\/wp\/v2\/posts\/1069\/revisions"}],"predecessor-version":[{"id":3587,"href":"https:\/\/euroconsum.eu\/fr\/wp-json\/wp\/v2\/posts\/1069\/revisions\/3587"}],"wp:featuredmedia":[{"embeddable":true,"href":"https:\/\/euroconsum.eu\/fr\/wp-json\/wp\/v2\/media\/1580"}],"wp:attachment":[{"href":"https:\/\/euroconsum.eu\/fr\/wp-json\/wp\/v2\/media?parent=1069"}],"wp:term":[{"taxonomy":"category","embeddable":true,"href":"https:\/\/euroconsum.eu\/fr\/wp-json\/wp\/v2\/categories?post=1069"},{"taxonomy":"post_tag","embeddable":true,"href":"https:\/\/euroconsum.eu\/fr\/wp-json\/wp\/v2\/tags?post=1069"}],"curies":[{"name":"wp","href":"https:\/\/api.w.org\/{rel}","templated":true}]}}