{"id":1118,"date":"2021-02-07T19:29:00","date_gmt":"2021-02-07T18:29:00","guid":{"rendered":"https:\/\/euroconsum.eu\/?p=1118"},"modified":"2023-04-09T08:03:30","modified_gmt":"2023-04-09T06:03:30","slug":"zwischentoene-statt-schablonen","status":"publish","type":"post","link":"https:\/\/euroconsum.eu\/de\/2021\/02\/07\/zwischentoene-statt-schablonen\/","title":{"rendered":"Zwischent\u00f6ne statt Schablonen"},"content":{"rendered":"\n<figure class=\"wp-block-image size-full\"><img fetchpriority=\"high\" decoding=\"async\" width=\"720\" height=\"540\" src=\"https:\/\/euroconsum.eu\/wp-content\/uploads\/2022\/03\/Bild_2022-03-12_002615.png\" alt=\"\" class=\"wp-image-1659\"\/><\/figure>\n\n\n\n<p>Unser Anspruch an Verbrauchendenschutz ist es, alle Perspektiven einzubeziehen.<\/p>\n\n\n\n<h2 class=\"wp-block-heading\" id=\"konsum-ist-nicht-m\u00e4nnlich-nicht-wei\u00df-nicht-hetero\">Konsum ist nicht m\u00e4nnlich&#8230; und nicht hetero und nicht wei\u00df<\/h2>\n\n\n\n<p>Der \u201csituationsad\u00e4quat aufmerksame, durchschnittlich informierte und verst\u00e4ndige Durchschnittsverbraucher\u201d, eine juristische Figur, mit der Gerichte zu Entscheidungen \u00fcber die Unzul\u00e4ssigkeit von gesch\u00e4ftlichen Handlungen gelangen, ist tats\u00e4chlich eine\u00a0<strong>situationsad\u00e4quat aufmerksame, durchschnittlich gebildete und verst\u00e4ndige Verbraucher<em>in<\/em><\/strong>. Es mag sein, dass die vermeintlich \u201cgro\u00dfen\u201d Dinge im Leben (Hauskauf, Autokauf, Rentenabsicherung) eher von M\u00e4nnern als von Frauen entschieden werden, aber zahlenm\u00e4\u00dfig werden bei weitem die meisten Konsumentscheidungen von Frauen getroffen.<\/p>\n\n\n\n<!--more-->\n\n\n\n<p>Wenn aber ein mit drei m\u00e4nnlichen Mitgliedern besetzter Spruchk\u00f6rper eines Oberlandesgerichts (drei von drei, wohlgemerkt) \u00fcber Irref\u00fchrung bei Damenbinden entscheidet, l\u00e4uft etwas falsch. Die drei Herren hielten sich in einer ber\u00fchmt gewordenen Entscheidung f\u00fcr in der Lage die Frage anhand ihres eigenen Erfahrungshorizontes zu entscheiden. Schlie\u00dflich w\u00fcrden sie gelegentlich auch schon mal von ihren Frauen gebeten, Damenbinden einzukaufen.<\/p>\n\n\n\n<p>Solange \u00fcber Produkte zur chemischen Haargl\u00e4ttung oder zur Teint-Aufhellung wei\u00dfe Menschen ohne Krause entscheiden, solange ausschlie\u00dflich Menschen ohne Sehbehinderung \u00fcber die Schriftgr\u00f6\u00dfe von Pflichtangaben entscheiden, solange ausschlie\u00dflich M\u00e4nner \u00fcber die Themen entscheiden, die Verbrauchende jeden Geschlechts betreffen, wird die Geschichte der Menstruation eine Geschichte voller Missverst\u00e4ndnisse bleiben.<\/p>\n\n\n\n<h2 class=\"wp-block-heading\" id=\"f\u00fcr-alle-menschen-deren-belange-wir-repr\u00e4sentieren\">F\u00fcr alle Menschen, deren Belange wir repr\u00e4sentieren<\/h2>\n\n\n\n<p>Die&nbsp;<strong>Perspektiven<\/strong>&nbsp;von zu vielen Menschen bleiben in der Verbrauchendenschutzarbeit unber\u00fccksichtigt. Das gilt sogar f\u00fcr Personen, die nicht besonders deutlich marginalisiert werden. Bei der Beurteilung etwa, ob ein Preisschild \u201cgut lesbar\u201d ist, bleibt die durchschnittliche Sehf\u00e4higkeit von alterserfahrenen Menschen au\u00dfer Acht. Unl\u00e4ngst entschied ein Obergericht, es sei Kunden durchaus zuzumuten, sich zum Lesen einer Preisauszeichnung zur Not auch hinzuknien oder eine hockende Position einzunehmen. Beides sind K\u00f6rperhaltungen, die im fortgeschrittenen Alter typischerweise nicht mehr schmerz- und gefahrlos eingenommen werden k\u00f6nnen. Von Rolli-Nutzenden ganz zu schweigen. Diese Betrachtung schadet uns allen. Der Weg in einen nachhaltigen Verbrauchendenschutz muss intersektional arbeiten und so viele Perspektiven einnehmen, wie m\u00f6glich.<\/p>\n\n\n\n<p>Leider konnten sich eine&nbsp;<a rel=\"noreferrer noopener\" href=\"https:\/\/www.tagesschau.de\/inland\/streit-gesetzestext-weibliche-form-101.html\" target=\"_blank\">Initiative des BMJV<\/a>&nbsp;nicht durchsetzen, die vorgeschlagen hatte, Gesetzestexte nur noch in geschlechtersensibler Sprache zu verfassen. Dies bedauern wir und haben uns vorgenommen, einen eigenen Beitrag zu leisten.<\/p>\n\n\n\n<h2 class=\"wp-block-heading\" id=\"unser-beitrag-f\u00fcr-sichtbarkeit\">Unser Beitrag f\u00fcr Sichtbarkeit<\/h2>\n\n\n\n<p>Wir sind zu der \u00dcberzeugung gelangt, dass eine Verbrauchendenschutzarbeit, die die Perspektiven von marginalisierten Gruppen vernachl\u00e4ssigt, ihrem Repr\u00e4sentanz-Anspruch nicht gerecht wird und nicht nachhaltig sein kann. Dabei ist es keine Option, zu versuchen, Unterschiedlichkeiten bewusst zu \u00fcbersehen, weil dies Lebensrealit\u00e4ten und Diskriminierungserfahrungen negieren w\u00fcrde. Vielmehr braucht Verbraucherschutz Sichtbarkeit und Repr\u00e4sentanz. Deshalb haben wir uns folgende Selbstverpflichtung auferlegt:<\/p>\n\n\n\n<ol class=\"wp-block-list\"><li>Wir streben an, die Sicht von marginalisierten Gruppen auf allen Arbeitsstufen angemessen zu repr\u00e4sentieren. Hierzu geh\u00f6ren neben Frauen Menschen mit Assistenz- und Hilfsmittelbedarf, migrantisierte Menschen, queere Menschen, Transmenschen, Menschen, die sich keiner der Geschlechtsvarianten m\u00e4nnlich und weiblich zuordnen, BPOCs und angeh\u00f6rige von ethnischen und religi\u00f6sen Minderheiten.<\/li><li>Wir verwenden in unseren Texten und Beitr\u00e4gen und in \u00f6ffentlichen Stellungnahmen gender-sensitive Sprache. Unsere Mitarbeitenden k\u00f6nnen aus mehreren m\u00f6glichen, gendern-sensitiven Ausdruckweisen w\u00e4hlen. Das generische Maskulinum vermeiden wir.<\/li><li>Wir achten bei Verhandlungen auf eine diverse Besetzung unseres Verhandlungsteams.<\/li><li>Wir f\u00fchren Verhandlungen nur, wenn auf allen Seiten eine Verhandlungsf\u00fchrung beteiligt ist, die nicht ausschlie\u00dflich aus m\u00e4nnlich gelesenen Personen besteht.<\/li><li>Wir nehmen nur an High-Level-Gespr\u00e4chen und -Verhandlungen teil, wenn alle Delegationen mindestens zur H\u00e4lfte mit weiblich gelesenen Personen oder Transpersonen, besetzt sind.<\/li><li>Soweit wir auf die Besetzung von Spruchk\u00f6rpern Einfluss haben (etwa bei Schiedsverfahren), werden wir f\u00fcr eine angemessene Repr\u00e4sentation von marginalisierten Personen sorgen.<\/li><li>Soweit wir durch Benennung, Beleihung oder Berufung an Gremienarbeit beteiligt sind, werden wir f\u00fcr eine angemessen \u00dcbergangszeit darauf dringen, dass auch dort eine diverse und mindestens h\u00e4lftig nicht-cis-m\u00e4nnlich besetzte Struktur erzielt wird. Gelingt dies dauerhaft nicht, werden wir unsere aktive Teilnahme an dieser Gremienarbeit einstellen.<\/li><li>Wir nehmen unsere Partner, einschlie\u00dflich beauftragter Rechtsanwaltskanzleien in die Pflicht, sich auch im Rahmen von Gerichtsverfahren um eine gender-sensitive Sprache zu bem\u00fchen.<\/li><li>Rechtspolitisch setzen wir uns f\u00fcr eine zeitgem\u00e4\u00dfe Weiterentwicklung der Verbraucherleitbilds hin zu einer Vebrauchendendefinition ein, die explizit auf die besonderen Perspektiven von Frauen, Senioren, Menschen mit Assistenzbedarf und von Angeh\u00f6rigen marginalisierter Gruppen geb\u00fchrend ber\u00fccksichtigt.<\/li><\/ol>\n\n\n\n<hr class=\"wp-block-separator has-css-opacity\"\/>\n\n\n\n<h5 class=\"has-text-align-center wp-block-heading\">Deutscher Konsumentenbund<\/h5>\n\n\n\n<h6 class=\"has-text-align-center wp-block-heading\">An der Seite der Evidenz, auf der Seite der Verbrauchenden: der Deutsche Konsumentenbund e.V. ist ein anerkannt gemeinn\u00fctziger Verbraucherschutzverband.<\/h6>\n\n\n\n<hr class=\"wp-block-separator has-css-opacity\"\/>\n\n\n\n<h3 class=\"wp-block-heading\">\u00c4hnliches<\/h3>\n\n\n\n<ul class=\"wp-block-list\"><li><a href=\"https:\/\/euroconsum.eu\/de\/project\/diversitaet-und-konsum\/\">Diversit\u00e4t und Konsum<\/a><\/li><\/ul>\n","protected":false},"excerpt":{"rendered":"<p>Unser Anspruch an Verbrauchendenschutz ist es, alle Perspektiven einzubeziehen. Konsum ist nicht m\u00e4nnlich&#8230; und nicht hetero und nicht wei\u00df Der \u201csituationsad\u00e4quat aufmerksame, durchschnittlich informierte und verst\u00e4ndige Durchschnittsverbraucher\u201d, eine juristische Figur, mit der Gerichte zu Entscheidungen \u00fcber die Unzul\u00e4ssigkeit von gesch\u00e4ftlichen Handlungen gelangen, ist tats\u00e4chlich eine\u00a0situationsad\u00e4quat aufmerksame, durchschnittlich gebildete und verst\u00e4ndige Verbraucherin. Es mag sein, dass [&hellip;]<\/p>\n","protected":false},"author":1,"featured_media":1659,"comment_status":"open","ping_status":"open","sticky":false,"template":"","format":"standard","meta":{"footnotes":""},"categories":[41],"tags":[53],"class_list":["post-1118","post","type-post","status-publish","format-standard","has-post-thumbnail","hentry","category-diversitaet","tag-grundsaetzliches"],"_links":{"self":[{"href":"https:\/\/euroconsum.eu\/de\/wp-json\/wp\/v2\/posts\/1118","targetHints":{"allow":["GET"]}}],"collection":[{"href":"https:\/\/euroconsum.eu\/de\/wp-json\/wp\/v2\/posts"}],"about":[{"href":"https:\/\/euroconsum.eu\/de\/wp-json\/wp\/v2\/types\/post"}],"author":[{"embeddable":true,"href":"https:\/\/euroconsum.eu\/de\/wp-json\/wp\/v2\/users\/1"}],"replies":[{"embeddable":true,"href":"https:\/\/euroconsum.eu\/de\/wp-json\/wp\/v2\/comments?post=1118"}],"version-history":[{"count":9,"href":"https:\/\/euroconsum.eu\/de\/wp-json\/wp\/v2\/posts\/1118\/revisions"}],"predecessor-version":[{"id":3559,"href":"https:\/\/euroconsum.eu\/de\/wp-json\/wp\/v2\/posts\/1118\/revisions\/3559"}],"wp:featuredmedia":[{"embeddable":true,"href":"https:\/\/euroconsum.eu\/de\/wp-json\/wp\/v2\/media\/1659"}],"wp:attachment":[{"href":"https:\/\/euroconsum.eu\/de\/wp-json\/wp\/v2\/media?parent=1118"}],"wp:term":[{"taxonomy":"category","embeddable":true,"href":"https:\/\/euroconsum.eu\/de\/wp-json\/wp\/v2\/categories?post=1118"},{"taxonomy":"post_tag","embeddable":true,"href":"https:\/\/euroconsum.eu\/de\/wp-json\/wp\/v2\/tags?post=1118"}],"curies":[{"name":"wp","href":"https:\/\/api.w.org\/{rel}","templated":true}]}}