{"id":1069,"date":"2022-03-10T16:23:08","date_gmt":"2022-03-10T15:23:08","guid":{"rendered":"https:\/\/euroconsum.eu\/?p=1069"},"modified":"2023-04-09T08:04:04","modified_gmt":"2023-04-09T06:04:04","slug":"alkohol-am-besten-gleich-zum-fruehstueck-lg-muenchen-i-untersagt-weissweinwerbung","status":"publish","type":"post","link":"https:\/\/euroconsum.eu\/de\/2022\/03\/10\/alkohol-am-besten-gleich-zum-fruehstueck-lg-muenchen-i-untersagt-weissweinwerbung\/","title":{"rendered":"Alkohol am Besten gleich zum Fr\u00fchst\u00fcck?- LG M\u00fcnchen I untersagt Wei\u00dfweinwerbung"},"content":{"rendered":"\n<figure class=\"wp-block-image size-full\"><img fetchpriority=\"high\" decoding=\"async\" width=\"720\" height=\"324\" src=\"https:\/\/euroconsum.eu\/wp-content\/uploads\/2022\/03\/Bild_2022-03-11_184742.png\" alt=\"\" class=\"wp-image-1580\"\/><figcaption>Foto: Screenshot (Hervorhebung durch Deutscher Konsumentenbund)<\/figcaption><\/figure>\n\n\n\n<!--more-->\n\n\n\n<p><em>Nach&nbsp;<a href=\"https:\/\/eur-lex.europa.eu\/legal-content\/DE\/TXT\/HTML\/?uri=CELEX:32020L1828&amp;rid=1#d1e1238-1-1\">Artikel 13 der Richtlinie (EU) 2020\/1828 (EU-Verbandsklagenrichtlinie)<\/a>&nbsp;sollen Qualifizierte Einrichtungen \u00fcber Verbandsklagen, die geplant sind, die gef\u00fchrt werden und \u00fcber das Ergebnis der gef\u00fchrten Verbandsklagen auf der Verbands-Website informieren. Dieses Posting dient der Erf\u00fcllung jener Vorgabe. Die Angaben geben unsere Rechtsansicht bei Beginn des Klageverfahrens wider und sind nicht notwendigerweise identisch mit den Rechtsansichten der entscheidenden Gerichte.<\/em><\/p>\n\n\n\n<h3 class=\"wp-block-heading\" id=\"verfahrensgegenstand\">Verfahrensgegenstand<\/h3>\n\n\n\n<p>Gegenstand der Verbandsklage:&nbsp;<strong>Versto\u00df gegen die gemeinschaftsrechtlichen Angaben zu gesundheitsbezogener Werbung<\/strong>.<\/p>\n\n\n\n<p>Auf der Seite der-weinmakler.de betrieb die Unterlassungsschuldnerin einen Online-Handel f\u00fcr Spirituosen. Dort bewarb Sie unter Anderem f\u00fcr die Sorte \u201cGutedel\u201d wie folgt:<\/p>\n\n\n\n<blockquote class=\"wp-block-quote is-layout-flow wp-block-quote-is-layout-flow\"><p>Die meisten Gutedel werden zu leichten, s\u00fcffigen Trinkweinen ausgebaut. Die Weine werden als sehr bek\u00f6mmlich eingestuft. Gutedel Weine werden gern schon zum Fr\u00fchschoppen oder auch zur Vesper getrunken.<img decoding=\"async\" src=\"https:\/\/euroconsum.eu\/de\/post\/der-weinmakler.de\/featured.png\" alt=\"Screenshot - Hervorhebung durch Deutscher Konsumentenbund\"><\/p><\/blockquote>\n\n\n\n<p>Moniert wurden au\u00dferdem die Angaben<\/p>\n\n\n\n<blockquote class=\"wp-block-quote is-layout-flow wp-block-quote-is-layout-flow\"><p>\u201cEs sind bek\u00f6mmliche Weine, (\u2026)\u201d<\/p><\/blockquote>\n\n\n\n<p>und<\/p>\n\n\n\n<blockquote class=\"wp-block-quote is-layout-flow wp-block-quote-is-layout-flow\"><p>\u201cDer nicht zu hohe Alkoholgehalt (\u2026) und die geringe S\u00e4ure machen ihn s\u00fcffig und bek\u00f6mmlich.\u201d Das Unternehmen hatte es vorgezogene, die Wiederholungsgefahr nicht durch Abgabe einer strafbewehrten Unterlassungsverpflichtungserkl\u00e4rung auszur\u00e4umen.<\/p><\/blockquote>\n\n\n\n<p>Das Landgericht M\u00fcnchen I (UKlaG-Kammer) hat auf unseren Antrag s\u00e4mtliche monierten Angaben untersagt.<\/p>\n\n\n\n<h3 class=\"wp-block-heading\" id=\"anlass-der-verbandsklage\">Anlass der Verbandsklage<\/h3>\n\n\n\n<p><strong>Mitbewerberkontrolle<\/strong><\/p>\n\n\n\n<h3 class=\"wp-block-heading\" id=\"umst\u00e4nde-und-betroffene-verbrauchendenkreise\">Umst\u00e4nde und betroffene Verbrauchendenkreise<\/h3>\n\n\n\n<p>Von der Gesch\u00e4ftspraktik waren Verbrauchende betroffen, denen die streitgegenst\u00e4ndliche Werbung am bzw. vor dem 08.04.2021 pr\u00e4sentiert wurde.<\/p>\n\n\n\n<h3 class=\"wp-block-heading\" id=\"gerichtsentscheidung\">Gerichtsentscheidung<\/h3>\n\n\n\n<ul class=\"wp-block-list\"><li><a href=\"https:\/\/euroconsum.eu\/de\/post\/der-weinmakler.de\/der_weinmakler_de_LG_Muenchen_I.pdf\">Beschluss Landgericht M\u00fcnchen I (UKlaG-Kammer), Az. 12 O 5643\/21<\/a><\/li><\/ul>\n\n\n\n<hr class=\"wp-block-separator has-css-opacity\"\/>\n\n\n\n<h5 class=\"has-text-align-center wp-block-heading\">Deutscher Konsumentenbund<\/h5>\n\n\n\n<h6 class=\"has-text-align-center wp-block-heading\">An der Seite der Evidenz, auf der Seite der Verbrauchenden: der Deutsche Konsumentenbund e.V. ist ein anerkannt gemeinn\u00fctziger Verbraucherschutzverband.<\/h6>\n","protected":false},"excerpt":{"rendered":"","protected":false},"author":1,"featured_media":1580,"comment_status":"closed","ping_status":"open","sticky":false,"template":"","format":"standard","meta":{"footnotes":""},"categories":[11,2],"tags":[49,44,46],"class_list":["post-1069","post","type-post","status-publish","format-standard","has-post-thumbnail","hentry","category-health-claims-bei-lebensmitteln","category-unterlassungsklage","tag-lebensmittel","tag-marktverhalten","tag-produktinformationen"],"_links":{"self":[{"href":"https:\/\/euroconsum.eu\/de\/wp-json\/wp\/v2\/posts\/1069","targetHints":{"allow":["GET"]}}],"collection":[{"href":"https:\/\/euroconsum.eu\/de\/wp-json\/wp\/v2\/posts"}],"about":[{"href":"https:\/\/euroconsum.eu\/de\/wp-json\/wp\/v2\/types\/post"}],"author":[{"embeddable":true,"href":"https:\/\/euroconsum.eu\/de\/wp-json\/wp\/v2\/users\/1"}],"replies":[{"embeddable":true,"href":"https:\/\/euroconsum.eu\/de\/wp-json\/wp\/v2\/comments?post=1069"}],"version-history":[{"count":7,"href":"https:\/\/euroconsum.eu\/de\/wp-json\/wp\/v2\/posts\/1069\/revisions"}],"predecessor-version":[{"id":3587,"href":"https:\/\/euroconsum.eu\/de\/wp-json\/wp\/v2\/posts\/1069\/revisions\/3587"}],"wp:featuredmedia":[{"embeddable":true,"href":"https:\/\/euroconsum.eu\/de\/wp-json\/wp\/v2\/media\/1580"}],"wp:attachment":[{"href":"https:\/\/euroconsum.eu\/de\/wp-json\/wp\/v2\/media?parent=1069"}],"wp:term":[{"taxonomy":"category","embeddable":true,"href":"https:\/\/euroconsum.eu\/de\/wp-json\/wp\/v2\/categories?post=1069"},{"taxonomy":"post_tag","embeddable":true,"href":"https:\/\/euroconsum.eu\/de\/wp-json\/wp\/v2\/tags?post=1069"}],"curies":[{"name":"wp","href":"https:\/\/api.w.org\/{rel}","templated":true}]}}