{"id":1073,"date":"2021-06-22T07:34:00","date_gmt":"2021-06-22T05:34:00","guid":{"rendered":"https:\/\/euroconsum.eu\/?p=1073"},"modified":"2023-04-09T08:03:58","modified_gmt":"2023-04-09T06:03:58","slug":"unzulaessige-kundenbewertungen-weinhaendler-ebrosia-unterliegt-vor-gericht","status":"publish","type":"post","link":"https:\/\/euroconsum.eu\/cs\/2021\/06\/22\/unzulaessige-kundenbewertungen-weinhaendler-ebrosia-unterliegt-vor-gericht\/","title":{"rendered":"Nep\u0159\u00edpustn\u00e9 hodnocen\u00ed z\u00e1kazn\u00edk\u016f: Obchodn\u00edk s v\u00ednem ebrosia prohr\u00e1l u soudu"},"content":{"rendered":"<p>Vrchn\u00ed zemsk\u00fd soud v Dr\u00e1\u017e\u010fanech zak\u00e1zal ve druh\u00e9 instanci internetov\u00e9mu prodejci v\u00edn ebrosia z Delitzsch inzerci s neopr\u00e1vn\u011bn\u00fdmi recenzemi z\u00e1kazn\u00edk\u016f.<img decoding=\"async\" src=\"https:\/\/euroconsum.eu\/de\/post\/weinhaendler_ebrosia_kundenbewertung\/featured_hu7fba9da1679ce4a56c592454604cb9c1_155215_720x0_resize_q100_lanczos.jpeg\" alt=\"\">Foto: Radio Bremen, Buten un Binnen; Vespermann, Brunn\u00e9e<\/p>\n\n\n\n<!--more-->\n\n\n\n<p><em>Po&nbsp;<a href=\"https:\/\/eur-lex.europa.eu\/legal-content\/DE\/TXT\/HTML\/?uri=CELEX:32020L1828&amp;rid=1#d1e1238-1-1\">\u010cl\u00e1nek 13 sm\u011brnice (EU) 2020\/1828 (sm\u011brnice EU o reprezentativn\u00edch akc\u00edch)<\/a>&nbsp;Kvalifikovan\u00e9 subjekty poskytuj\u00ed na internetov\u00fdch str\u00e1nk\u00e1ch sdru\u017een\u00ed informace o pl\u00e1novan\u00fdch a prov\u00e1d\u011bn\u00fdch akc\u00edch sdru\u017een\u00ed a o v\u00fdsledc\u00edch prov\u00e1d\u011bn\u00fdch akc\u00ed sdru\u017een\u00ed. Toto zve\u0159ejn\u011bn\u00ed slou\u017e\u00ed ke spln\u011bn\u00ed tohoto po\u017eadavku. Uveden\u00e9 informace odr\u00e1\u017eej\u00ed n\u00e1\u0161 pr\u00e1vn\u00ed n\u00e1zor na zah\u00e1jen\u00ed pr\u00e1vn\u00edho jedn\u00e1n\u00ed a nemus\u00ed b\u00fdt nutn\u011b toto\u017en\u00e9 s pr\u00e1vn\u00edmi n\u00e1zory rozhoduj\u00edc\u00edch soud\u016f.<\/em><\/p>\n\n\n\n<h3 class=\"wp-block-heading\" id=\"verfahrensgegenstand\">P\u0159edm\u011bt \u0159\u00edzen\u00ed<\/h3>\n\n\n\n<p>Reklama v internetov\u00e9m obchod\u011b spole\u010dnosti obchoduj\u00edc\u00ed s v\u00ednem<\/p>\n\n\n\n<p><strong>ebrosia GmbH + Co KG<\/strong><br>Wilhelm-Conrad-R\u00f6ntgen-Str. 2, 04509 Delitzsch.<\/p>\n\n\n\n<p>Konkr\u00e9tn\u011b:&nbsp;<strong>Reklama se zdravotn\u00edmi tvrzen\u00edmi o alkoholick\u00fdch n\u00e1poj\u00edch (\u010dl. 4 odst. 3 HCVO)<\/strong>.<\/p>\n\n\n\n<h3 class=\"wp-block-heading\" id=\"gang-des-verfahrens\">Pr\u016fb\u011bh \u0159\u00edzen\u00ed<\/h3>\n\n\n\n<p>Za\u010d\u00e1tkem dubna 2021 byl konzultov\u00e1n maloobchodn\u00ed prodejce, aby se zjistilo, zda by se dalo p\u0159edej\u00edt pr\u00e1vn\u00edmu sporu. Pot\u00e9 n\u00e1s v\u0161ak spole\u010dnost prost\u0159ednictv\u00edm sv\u00fdch pr\u00e1vn\u00edk\u016f informovala, \u017ee se \"ze z\u00e1sadn\u00edch d\u016fvod\u016f rozhodla nevydat v t\u00e9to v\u011bci prohl\u00e1\u0161en\u00ed o zastaven\u00ed \u0159\u00edzen\u00ed\".<\/p>\n\n\n\n<p>V n\u00e1sledn\u00e9m \u0159\u00edzen\u00ed o soudn\u00edm z\u00e1kazu&nbsp;<a href=\"https:\/\/www.justiz.sachsen.de\/lgl\/\" target=\"_blank\" rel=\"noreferrer noopener\">Zemsk\u00fd soud v Lipsku<\/a>&nbsp;zpo\u010d\u00e1tku pouze \u010d\u00e1st reklamy. Krajsk\u00fd soud vylou\u010dil z\u00e1kaznickou recenzi z na\u0159\u00edzen\u00ed z\u00e1kazu a konstatoval, \u017ee prodejce za ni nen\u00ed v pr\u00e1vn\u00edm smyslu odpov\u011bdn\u00fd.<\/p>\n\n\n\n<p>Toto rozhodnut\u00ed jsme nepova\u017eovali za pr\u00e1vn\u011b spr\u00e1vn\u00e9 a podali jsme okam\u017eit\u00e9 odvol\u00e1n\u00ed. Pot\u00e9, co krajsk\u00fd soud na\u0161emu odvol\u00e1n\u00ed p\u016fvodn\u011b nevyhov\u011bl, byla v\u011bc p\u0159edlo\u017eena Soudu pro lidsk\u00e1 pr\u00e1va.&nbsp;<a rel=\"noreferrer noopener\" href=\"https:\/\/www.justiz.sachsen.de\/olg\/\" target=\"_blank\">Vy\u0161\u0161\u00ed zemsk\u00fd soud Dr\u00e1\u017e\u010fany<\/a>. Soud se ztoto\u017enil s na\u0161\u00edm n\u00e1zorem a objasnil, \u017ee prodejce je skute\u010dn\u011b odpov\u011bdn\u00fd za recenze z\u00e1kazn\u00edk\u016f, kter\u00e9 jsou uvedeny v jeho vlastn\u00edm obchod\u011b za \u00fa\u010delem podpory prodeje. Vy\u0161\u0161\u00ed krajsk\u00fd soud proto zm\u011bnil rozhodnut\u00ed krajsk\u00e9ho soudu a zak\u00e1zal reklamu v pln\u00e9m rozsahu, jak jsme po\u017eadovali.<\/p>\n\n\n\n<p>Online prodejce nyn\u00ed nese ve\u0161ker\u00e9 n\u00e1klady \u0159\u00edzen\u00ed. \u0158\u00edzen\u00ed bylo ukon\u010deno. Maloobchodn\u00ed prodejce prost\u0159ednictv\u00edm sv\u00fdch pr\u00e1vn\u00edk\u016f uznal rozhodnut\u00ed jako kone\u010dn\u00e9 vyrovn\u00e1n\u00ed.<\/p>\n\n\n\n<h3 class=\"wp-block-heading\" id=\"betroffene-verbrauchendenkreise\">Dot\u010den\u00e9 skupiny spot\u0159ebitel\u016f<\/h3>\n\n\n\n<p>Poru\u0161en\u00ed se dotklo spot\u0159ebitel\u016f, kte\u0159\u00ed nav\u0161t\u00edvili webov\u00e9 str\u00e1nky prodejce od 21. \u0159\u00edjna 2018.<\/p>\n\n\n\n<h3 class=\"wp-block-heading\" id=\"anlass-der-verbandsklage\">P\u0159\u00ed\u010dina \u010dinnosti sdru\u017een\u00ed<\/h3>\n\n\n\n<p>Kontrola po reklamaci.<a href=\"https:\/\/euroconsum.eu\/cs\/tag\/diskriminierung\/\">Diskriminace<\/a><a href=\"https:\/\/euroconsum.eu\/cs\/author\/deutscher-konsumentenbund\/\"><\/a><\/p>\n\n\n\n<hr class=\"wp-block-separator has-css-opacity\"\/>\n\n\n\n<h5 class=\"has-text-align-center wp-block-heading\">N\u011bmeck\u00e9 sdru\u017een\u00ed spot\u0159ebitel\u016f<\/h5>\n\n\n\n<h6 class=\"has-text-align-center wp-block-heading\">Na stran\u011b d\u016fkaz\u016f, na stran\u011b spot\u0159ebitel\u016f: N\u011bmeck\u00fd svaz spot\u0159ebitel\u016f je uzn\u00e1van\u00fdm neziskov\u00fdm sdru\u017een\u00edm na ochranu spot\u0159ebitel\u016f.<\/h6>\n\n\n\n<p><\/p>","protected":false},"excerpt":{"rendered":"<p>Vrchn\u00ed zemsk\u00fd soud v Dr\u00e1\u017e\u010fanech (OLG) zak\u00e1zal ve druh\u00e9 instanci internetov\u00e9mu obchodn\u00edkovi s v\u00ednem ebrosia z Delitzsch inzerci s nep\u0159\u00edpustn\u00fdm hodnocen\u00edm z\u00e1kazn\u00edk\u016f.Foto: Radio Bremen, Buten un Binnen; Vespermann, Brunn\u00e9e<\/p>","protected":false},"author":1,"featured_media":3126,"comment_status":"open","ping_status":"open","sticky":false,"template":"","format":"standard","meta":{"footnotes":""},"categories":[16,2],"tags":[44],"class_list":["post-1073","post","type-post","status-publish","format-standard","has-post-thumbnail","hentry","category-unlautere-geschaeftspraktiken","category-unterlassungsklage","tag-marktverhalten"],"_links":{"self":[{"href":"https:\/\/euroconsum.eu\/cs\/wp-json\/wp\/v2\/posts\/1073","targetHints":{"allow":["GET"]}}],"collection":[{"href":"https:\/\/euroconsum.eu\/cs\/wp-json\/wp\/v2\/posts"}],"about":[{"href":"https:\/\/euroconsum.eu\/cs\/wp-json\/wp\/v2\/types\/post"}],"author":[{"embeddable":true,"href":"https:\/\/euroconsum.eu\/cs\/wp-json\/wp\/v2\/users\/1"}],"replies":[{"embeddable":true,"href":"https:\/\/euroconsum.eu\/cs\/wp-json\/wp\/v2\/comments?post=1073"}],"version-history":[{"count":7,"href":"https:\/\/euroconsum.eu\/cs\/wp-json\/wp\/v2\/posts\/1073\/revisions"}],"predecessor-version":[{"id":3574,"href":"https:\/\/euroconsum.eu\/cs\/wp-json\/wp\/v2\/posts\/1073\/revisions\/3574"}],"wp:featuredmedia":[{"embeddable":true,"href":"https:\/\/euroconsum.eu\/cs\/wp-json\/wp\/v2\/media\/3126"}],"wp:attachment":[{"href":"https:\/\/euroconsum.eu\/cs\/wp-json\/wp\/v2\/media?parent=1073"}],"wp:term":[{"taxonomy":"category","embeddable":true,"href":"https:\/\/euroconsum.eu\/cs\/wp-json\/wp\/v2\/categories?post=1073"},{"taxonomy":"post_tag","embeddable":true,"href":"https:\/\/euroconsum.eu\/cs\/wp-json\/wp\/v2\/tags?post=1073"}],"curies":[{"name":"wp","href":"https:\/\/api.w.org\/{rel}","templated":true}]}}