{"id":1069,"date":"2022-03-10T16:23:08","date_gmt":"2022-03-10T15:23:08","guid":{"rendered":"https:\/\/euroconsum.eu\/?p=1069"},"modified":"2023-04-09T08:04:04","modified_gmt":"2023-04-09T06:04:04","slug":"alkohol-am-besten-gleich-zum-fruehstueck-lg-muenchen-i-untersagt-weissweinwerbung","status":"publish","type":"post","link":"https:\/\/euroconsum.eu\/cs\/2022\/03\/10\/alkohol-am-besten-gleich-zum-fruehstueck-lg-muenchen-i-untersagt-weissweinwerbung\/","title":{"rendered":"Alkohol je nejlep\u0161\u00ed pod\u00e1vat ke sn\u00eddani?- LG M\u00fcnchen I zakazuje reklamu na b\u00edl\u00e9 v\u00edno"},"content":{"rendered":"<figure class=\"wp-block-image size-full\"><img fetchpriority=\"high\" decoding=\"async\" width=\"720\" height=\"324\" src=\"https:\/\/euroconsum.eu\/wp-content\/uploads\/2022\/03\/Bild_2022-03-11_184742.png\" alt=\"\" class=\"wp-image-1580\"\/><figcaption>Foto: Sn\u00edmek obrazovky (zv\u00fdrazn\u011bn\u00ed Deutscher Konsumentenbund)<\/figcaption><\/figure>\n\n\n\n<!--more-->\n\n\n\n<p><em>Po&nbsp;<a href=\"https:\/\/eur-lex.europa.eu\/legal-content\/DE\/TXT\/HTML\/?uri=CELEX:32020L1828&amp;rid=1#d1e1238-1-1\">\u010cl\u00e1nek 13 sm\u011brnice (EU) 2020\/1828 (sm\u011brnice EU o reprezentativn\u00edch akc\u00edch)<\/a>&nbsp;Kvalifikovan\u00e9 subjekty poskytuj\u00ed na internetov\u00fdch str\u00e1nk\u00e1ch sdru\u017een\u00ed informace o pl\u00e1novan\u00fdch a prov\u00e1d\u011bn\u00fdch akc\u00edch sdru\u017een\u00ed a o v\u00fdsledc\u00edch prov\u00e1d\u011bn\u00fdch akc\u00ed sdru\u017een\u00ed. Toto zve\u0159ejn\u011bn\u00ed slou\u017e\u00ed ke spln\u011bn\u00ed tohoto po\u017eadavku. Uveden\u00e9 informace odr\u00e1\u017eej\u00ed n\u00e1\u0161 pr\u00e1vn\u00ed n\u00e1zor na zah\u00e1jen\u00ed pr\u00e1vn\u00edho jedn\u00e1n\u00ed a nemus\u00ed b\u00fdt nutn\u011b toto\u017en\u00e9 s pr\u00e1vn\u00edmi n\u00e1zory rozhoduj\u00edc\u00edch soud\u016f.<\/em><\/p>\n\n\n\n<h3 class=\"wp-block-heading\" id=\"verfahrensgegenstand\">P\u0159edm\u011bt \u0159\u00edzen\u00ed<\/h3>\n\n\n\n<p>P\u0159edm\u011bt \u010dinnosti sdru\u017een\u00ed:&nbsp;<strong>Poru\u0161en\u00ed pr\u00e1vn\u00edch p\u0159edpis\u016f Spole\u010denstv\u00ed v oblasti reklamy na zdrav\u00ed<\/strong>.<\/p>\n\n\n\n<p>Na internetov\u00fdch str\u00e1nk\u00e1ch der-weinmakler.de provozoval soudn\u00ed dlu\u017en\u00edk internetov\u00fd obchod s lihovinami. Mimo jin\u00e9 inzerovala odr\u016fdu \"Gutedel\" n\u00e1sleduj\u00edc\u00edm zp\u016fsobem:<\/p>\n\n\n\n<blockquote class=\"wp-block-quote is-layout-flow wp-block-quote-is-layout-flow\"><p>Z v\u011bt\u0161iny Chasselas se vyr\u00e1b\u011bj\u00ed lehk\u00e1, dob\u0159e piteln\u00e1 v\u00edna. V\u00edna jsou klasifikov\u00e1na jako velmi dob\u0159e straviteln\u00e1. V\u00edna Chasselas se \u010dasto pij\u00ed k rann\u00edmu p\u016fllitru nebo ke sva\u010din\u011b.<img decoding=\"async\" src=\"https:\/\/euroconsum.eu\/de\/post\/der-weinmakler.de\/featured.png\" alt=\"Screenshot - Hervorhebung durch Deutscher Konsumentenbund\"><\/p><\/blockquote>\n\n\n\n<p>Kritizov\u00e1ny byly tak\u00e9 n\u00e1sleduj\u00edc\u00ed informace<\/p>\n\n\n\n<blockquote class=\"wp-block-quote is-layout-flow wp-block-quote-is-layout-flow\"><p>\"Jsou to zdrav\u00e1 v\u00edna, (...)\"<\/p><\/blockquote>\n\n\n\n<p>a<\/p>\n\n\n\n<blockquote class=\"wp-block-quote is-layout-flow wp-block-quote-is-layout-flow\"><p>\"D\u00edky nep\u0159\u00edli\u0161 vysok\u00e9mu obsahu alkoholu (...) a n\u00edzk\u00e9 kyselosti je dob\u0159e piteln\u00e9 a straviteln\u00e9\". Spole\u010dnost rad\u011bji nevylou\u010dila riziko opakov\u00e1n\u00ed vyd\u00e1n\u00edm prohl\u00e1\u0161en\u00ed o zastaven\u00ed \u010dinnosti s dolo\u017ekou o pokut\u011b.<\/p><\/blockquote>\n\n\n\n<p>Na na\u0161i \u017e\u00e1dost zak\u00e1zal Obvodn\u00ed soud Mnichov I (sen\u00e1t UKlaG) v\u0161echny kritizovan\u00e9 v\u00fdroky.<\/p>\n\n\n\n<h3 class=\"wp-block-heading\" id=\"anlass-der-verbandsklage\">P\u0159\u00ed\u010dina \u010dinnosti sdru\u017een\u00ed<\/h3>\n\n\n\n<p><strong>Kontrola konkurence<\/strong><\/p>\n\n\n\n<h3 class=\"wp-block-heading\" id=\"umst\u00e4nde-und-betroffene-verbrauchendenkreise\">Okolnosti a dot\u010den\u00e9 skupiny spot\u0159ebitel\u016f<\/h3>\n\n\n\n<p>Obchodn\u00ed praktika se dotkla spot\u0159ebitel\u016f, kter\u00fdm byla sporn\u00e1 reklama p\u0159edlo\u017eena dne 8. 4. 2021 nebo d\u0159\u00edve.<\/p>\n\n\n\n<h3 class=\"wp-block-heading\" id=\"gerichtsentscheidung\">Rozhodnut\u00ed soudu<\/h3>\n\n\n\n<ul class=\"wp-block-list\"><li><a href=\"https:\/\/euroconsum.eu\/cs\/post\/der-weinmakler.de\/der_weinmakler_de_LG_Muenchen_I.pdf\/\">Usnesen\u00ed Zemsk\u00e9ho soudu Mnichov I (sen\u00e1t UKlaG), sp. zn. 12 O 5643\/21.<\/a><\/li><\/ul>\n\n\n\n<hr class=\"wp-block-separator has-css-opacity\"\/>\n\n\n\n<h5 class=\"has-text-align-center wp-block-heading\">N\u011bmeck\u00e9 sdru\u017een\u00ed spot\u0159ebitel\u016f<\/h5>\n\n\n\n<h6 class=\"has-text-align-center wp-block-heading\">Na stran\u011b d\u016fkaz\u016f, na stran\u011b spot\u0159ebitel\u016f: N\u011bmeck\u00fd svaz spot\u0159ebitel\u016f je uzn\u00e1van\u00fdm neziskov\u00fdm sdru\u017een\u00edm na ochranu spot\u0159ebitel\u016f.<\/h6>","protected":false},"excerpt":{"rendered":"","protected":false},"author":1,"featured_media":1580,"comment_status":"closed","ping_status":"open","sticky":false,"template":"","format":"standard","meta":{"footnotes":""},"categories":[11,2],"tags":[49,44,46],"class_list":["post-1069","post","type-post","status-publish","format-standard","has-post-thumbnail","hentry","category-health-claims-bei-lebensmitteln","category-unterlassungsklage","tag-lebensmittel","tag-marktverhalten","tag-produktinformationen"],"_links":{"self":[{"href":"https:\/\/euroconsum.eu\/cs\/wp-json\/wp\/v2\/posts\/1069","targetHints":{"allow":["GET"]}}],"collection":[{"href":"https:\/\/euroconsum.eu\/cs\/wp-json\/wp\/v2\/posts"}],"about":[{"href":"https:\/\/euroconsum.eu\/cs\/wp-json\/wp\/v2\/types\/post"}],"author":[{"embeddable":true,"href":"https:\/\/euroconsum.eu\/cs\/wp-json\/wp\/v2\/users\/1"}],"replies":[{"embeddable":true,"href":"https:\/\/euroconsum.eu\/cs\/wp-json\/wp\/v2\/comments?post=1069"}],"version-history":[{"count":7,"href":"https:\/\/euroconsum.eu\/cs\/wp-json\/wp\/v2\/posts\/1069\/revisions"}],"predecessor-version":[{"id":3587,"href":"https:\/\/euroconsum.eu\/cs\/wp-json\/wp\/v2\/posts\/1069\/revisions\/3587"}],"wp:featuredmedia":[{"embeddable":true,"href":"https:\/\/euroconsum.eu\/cs\/wp-json\/wp\/v2\/media\/1580"}],"wp:attachment":[{"href":"https:\/\/euroconsum.eu\/cs\/wp-json\/wp\/v2\/media?parent=1069"}],"wp:term":[{"taxonomy":"category","embeddable":true,"href":"https:\/\/euroconsum.eu\/cs\/wp-json\/wp\/v2\/categories?post=1069"},{"taxonomy":"post_tag","embeddable":true,"href":"https:\/\/euroconsum.eu\/cs\/wp-json\/wp\/v2\/tags?post=1069"}],"curies":[{"name":"wp","href":"https:\/\/api.w.org\/{rel}","templated":true}]}}